{"id":1441,"date":"2025-05-13T14:35:20","date_gmt":"2025-05-13T12:35:20","guid":{"rendered":"https:\/\/kcvinkovci.hr\/?p=1441"},"modified":"2025-10-01T14:10:29","modified_gmt":"2025-10-01T12:10:29","slug":"ansambl-lado-nakon-dugo-vremena-stize-u-vinkovce","status":"publish","type":"post","link":"https:\/\/kcvinkovci.hr\/en\/ansambl-lado-nakon-dugo-vremena-stize-u-vinkovce\/","title":{"rendered":"Ansambl LADO nakon dugo vremena sti\u017ee u Vinkovce!"},"content":{"rendered":"<p>Vinkovci, grad bogate folklorne ba\u0161tine i tradicije, s velikim nestrpljenjem do\u010dekuju vrhunski plesni koncert Ansambla LADO, nacionalnog \u010duvara hrvatske folklorne ba\u0161tine. Koncert \u0107e biti odr\u017ean u petak, 23. svibnja 2025. godine, u 20 sati, na otvorenoj pozornici ispred Gradske knji\u017enice i \u010ditaonice u Vinkovcima. Ulaz na koncert je slobodan, a u slu\u010daju lo\u0161eg vremena koncert \u0107e se odr\u017eati u sportskoj dvorani O\u0160 A.G. Mato\u0161a.<\/p>\n\n\n\n<figure class=\"wp-block-image size-large\"><img loading=\"lazy\" decoding=\"async\" width=\"1024\" height=\"683\" src=\"https:\/\/kcvinkovci.hr\/wp-content\/uploads\/2025\/05\/LADO-Plesni-koncert-1-Ivan-Buvinic\u00a6u-1024x683.jpg\" alt=\"\" class=\"wp-image-1442\" srcset=\"https:\/\/kcvinkovci.hr\/wp-content\/uploads\/2025\/05\/LADO-Plesni-koncert-1-Ivan-Buvinic\u00a6u-1024x683.jpg 1024w, https:\/\/kcvinkovci.hr\/wp-content\/uploads\/2025\/05\/LADO-Plesni-koncert-1-Ivan-Buvinic\u00a6u-300x200.jpg 300w, https:\/\/kcvinkovci.hr\/wp-content\/uploads\/2025\/05\/LADO-Plesni-koncert-1-Ivan-Buvinic\u00a6u-768x512.jpg 768w, https:\/\/kcvinkovci.hr\/wp-content\/uploads\/2025\/05\/LADO-Plesni-koncert-1-Ivan-Buvinic\u00a6u-1536x1024.jpg 1536w, https:\/\/kcvinkovci.hr\/wp-content\/uploads\/2025\/05\/LADO-Plesni-koncert-1-Ivan-Buvinic\u00a6u-2048x1365.jpg 2048w, https:\/\/kcvinkovci.hr\/wp-content\/uploads\/2025\/05\/LADO-Plesni-koncert-1-Ivan-Buvinic\u00a6u-18x12.jpg 18w, https:\/\/kcvinkovci.hr\/wp-content\/uploads\/2025\/05\/LADO-Plesni-koncert-1-Ivan-Buvinic\u00a6u-1080x720.jpg 1080w, https:\/\/kcvinkovci.hr\/wp-content\/uploads\/2025\/05\/LADO-Plesni-koncert-1-Ivan-Buvinic\u00a6u-1280x854.jpg 1280w, https:\/\/kcvinkovci.hr\/wp-content\/uploads\/2025\/05\/LADO-Plesni-koncert-1-Ivan-Buvinic\u00a6u-980x653.jpg 980w, https:\/\/kcvinkovci.hr\/wp-content\/uploads\/2025\/05\/LADO-Plesni-koncert-1-Ivan-Buvinic\u00a6u-480x320.jpg 480w\" sizes=\"(max-width: 1024px) 100vw, 1024px\" \/><\/figure>\n\n\n\n<p>Vinkovci, srce \u0160okadije i mjesto koje stolje\u0107ima njeguje izvornu hrvatsku tradiciju, do\u010dekuju LADO kao svoju obitelj. Kao \u0161to je folklor duboko utkan u du\u0161u ovoga grada na Bosutu, tako je i LADO svojim izvedbama utkan u srce svakog ljubitelja hrvatske ba\u0161tine.<\/p>\n\n\n\n<p>Publiku o\u010dekuje vrhunski plesni koncert, koji je umjetni\u010dki osmislila i oblikovala Ladova umjetni\u010dka direktorica Zrinka Posavec. Ovogodi\u0161nji program vodi gledatelje na nezaboravno putovanje kroz razli\u010dite hrvatske regije, ali i podru\u010dja izvan Hrvatske gdje \u017eive na\u0161i ljudi. Bit \u0107e prikazane i neke od povijesno klju\u010dnih koreografija Ansambla LADO, poput \u201ePosavskih\u201c i \u201ePrigorskih\u201c plesova Zvonimira Ljevakovi\u0107a, \u201eStarih splitskih plesova\u201c Branka \u0160egovi\u0107a te slavnog \u201ePrimo\u0161tenskog kola\u201c Ivana Ivan\u010dana starijeg.<\/p>\n\n\n\n<p>Ladovi umjetnici, poznati po svom temperamentu, iznimnoj izvedbenoj vje\u0161tini i autenti\u010dnosti, uvijek iznova odu\u0161evljavaju publiku i pokazuju bogatstvo hrvatske tradicije u njenom najljep\u0161em obliku. Koncert u Vinkovcima, gradu koji folklor \u017eivi svaki dan, posebno je va\u017ean \u2013 ovdje tradicija ima poseban odjek, a Ladova \u0107e izvedba bez sumnje ostaviti duboki trag u srcima svih posjetitelja.<\/p>\n\n\n\n<p>Organizatori doga\u0111aja su Grad Vinkovci i Kulturni centar Vinkovci, koji pozivaju sve gra\u0111ane i goste da zajedno u\u017eivaju u ovoj jedinstvenoj folklornoj ve\u010deri.<\/p>\n\n\n\n<p>Dobro do\u0161li na nezaboravnu folklornu ve\u010der u srcu \u0160okadije!<\/p>\n\n\n\n<figure class=\"wp-block-image size-large\"><img loading=\"lazy\" decoding=\"async\" width=\"723\" height=\"1024\" src=\"https:\/\/kcvinkovci.hr\/wp-content\/uploads\/2025\/05\/Lado-plesni-koncert-vinkovci-723x1024.jpg\" alt=\"\" class=\"wp-image-1443\"\/><\/figure>","protected":false},"excerpt":{"rendered":"<p>Vinkovci, grad bogate folklorne ba\u0161tine i tradicije, s velikim nestrpljenjem do\u010dekuju vrhunski plesni koncert Ansambla LADO, nacionalnog \u010duvara hrvatske folklorne ba\u0161tine. Koncert \u0107e biti odr\u017ean u petak, 23. svibnja 2025. godine, u 20 sati, na otvorenoj pozornici ispred Gradske knji\u017enice i \u010ditaonice u Vinkovcima. Ulaz na koncert je slobodan, a u slu\u010daju lo\u0161eg vremena koncert [&hellip;]<\/p>\n","protected":false},"author":1,"featured_media":1444,"comment_status":"closed","ping_status":"closed","sticky":false,"template":"","format":"standard","meta":{"_acf_changed":false,"_et_pb_use_builder":"off","_et_pb_old_content":"","_et_gb_content_width":"","footnotes":""},"categories":[2,11],"tags":[],"class_list":["post-1441","post","type-post","status-publish","format-standard","has-post-thumbnail","hentry","category-vijesti","category-dogadaji"],"acf":[],"_links":{"self":[{"href":"https:\/\/kcvinkovci.hr\/en\/wp-json\/wp\/v2\/posts\/1441","targetHints":{"allow":["GET"]}}],"collection":[{"href":"https:\/\/kcvinkovci.hr\/en\/wp-json\/wp\/v2\/posts"}],"about":[{"href":"https:\/\/kcvinkovci.hr\/en\/wp-json\/wp\/v2\/types\/post"}],"author":[{"embeddable":true,"href":"https:\/\/kcvinkovci.hr\/en\/wp-json\/wp\/v2\/users\/1"}],"replies":[{"embeddable":true,"href":"https:\/\/kcvinkovci.hr\/en\/wp-json\/wp\/v2\/comments?post=1441"}],"version-history":[{"count":1,"href":"https:\/\/kcvinkovci.hr\/en\/wp-json\/wp\/v2\/posts\/1441\/revisions"}],"predecessor-version":[{"id":1445,"href":"https:\/\/kcvinkovci.hr\/en\/wp-json\/wp\/v2\/posts\/1441\/revisions\/1445"}],"wp:featuredmedia":[{"embeddable":true,"href":"https:\/\/kcvinkovci.hr\/en\/wp-json\/wp\/v2\/media\/1444"}],"wp:attachment":[{"href":"https:\/\/kcvinkovci.hr\/en\/wp-json\/wp\/v2\/media?parent=1441"}],"wp:term":[{"taxonomy":"category","embeddable":true,"href":"https:\/\/kcvinkovci.hr\/en\/wp-json\/wp\/v2\/categories?post=1441"},{"taxonomy":"post_tag","embeddable":true,"href":"https:\/\/kcvinkovci.hr\/en\/wp-json\/wp\/v2\/tags?post=1441"}],"curies":[{"name":"wp","href":"https:\/\/api.w.org\/{rel}","templated":true}]}}