{"id":1458,"date":"2025-06-17T14:57:08","date_gmt":"2025-06-17T12:57:08","guid":{"rendered":"https:\/\/kcvinkovci.hr\/?p=1458"},"modified":"2025-10-01T14:09:58","modified_gmt":"2025-10-01T12:09:58","slug":"evo-sto-donose-jubilarne-60-vinkovacke-jeseni","status":"publish","type":"post","link":"https:\/\/kcvinkovci.hr\/en\/evo-sto-donose-jubilarne-60-vinkovacke-jeseni\/","title":{"rendered":"Evo \u0161to donose jubilarne 60. Vinkova\u010dke jeseni"},"content":{"rendered":"<p>Tri mjeseca pred okrugli jubilej, u sredi\u0161tu Vinkovaca odr\u017eana je konferencija za medije i svojevrsna najava&nbsp;<strong>60. Vinkova\u010dkih jeseni<\/strong>&nbsp;koje \u0107e biti odr\u017eane&nbsp;<strong>od 12. do 21. rujna<\/strong>.<\/p>\n\n\n\n<p>Vinkovce, prijestolnicu tradicijske kulture, i ove \u0107e godine pro\u017eimati duh tradicije pra\u0107en zvucima tambure, pjesmom i narodnim no\u0161njama iz cijele Republike Hrvatske i inozemstva.<\/p>\n\n\n\n<p>Jo\u0161 sve\u010danije i ljep\u0161e bit \u0107e posebno ove godine, najavljuje&nbsp;<strong>gradona\u010delnik<\/strong>&nbsp;Vinkovaca Josip Romi\u0107.<\/p>\n\n\n\n<p>\u201eO\u010dekuje nas puno sadr\u017eaja bogate tradicije onako kako su \u017eivjeli na\u0161e bake i djedovi. U skladu s modernim vremenima bit \u0107e onog suvremenog urbanog sadr\u017eaja kako bismo sve uklopili u jednu veliki cjelinu. Ono \u0161to je uvijek najljep\u0161e je Dje\u010dji mimohod, dje\u010dja Smotra dr\u017eavnog folklora, Smotra dr\u017eavnog folklora i veliki Sve\u010dani mimohod kada je cijela Hrvatska u najstarijem naselju u Europi\u201d, poru\u010dio je na susretu s novinarima.<\/p>\n\n\n\n<p>Radovi koji su u tijeku na Trgu Vinkova\u010dkih jeseni nisu utjecali na pripreme, sve ide po svom planu, ali kako \u0107e Vinkovci uskoro dobiti novi moderan istoimeni Trg, lokacije odre\u0111enih sadr\u017eaja su \u201eizmje\u0161tene\u201d.<\/p>\n\n\n\n<p><strong>Vinski \u0161or<\/strong>&nbsp;koji je pro\u0161le godine bio uz glavnu binu bit \u0107e upravo na Trgu Vinkova\u010dkih jeseni, najavljuje pro\u010delnica Upravnog odjela za kulturu i turizam Grada Vinkovaca&nbsp;<strong>Marija Li\u0161\u010di\u0107 Drmi\u0107<\/strong>, u jednoj intimnoj atmosferi kakvu taj doga\u0111aj i zahtjeva.&nbsp;<strong>Ugostitelji<\/strong>&nbsp;\u0107e biti ispred hotela Slavonija na cesti i parkingu, a&nbsp;<strong>\u0161ator<\/strong>&nbsp;ostaje gdje jest, ali s jo\u0161 ve\u0107om binom.<\/p>\n\n\n\n<p><strong>\u201eOslu\u0161kuju\u0107i potrebe na\u0161ih KUD-ovaca koji su izrazili \u017eelju za ve\u0107om binom kako bi imali \u0161to ve\u0107u komociju prilikom izvo\u0111enja svojih nastupa, osigurali smo puno ve\u0107u glavnu pozornicu\u201d<\/strong>, dodaje Li\u0161\u010di\u0107 Drmi\u0107. Novitet je kako \u0107e pokraj \u0161atora ove godine biti restoran s pogledom na Bosut.<\/p>\n\n\n\n<figure class=\"wp-block-image size-large\"><img loading=\"lazy\" decoding=\"async\" width=\"1024\" height=\"683\" src=\"https:\/\/kcvinkovci.hr\/wp-content\/uploads\/2025\/06\/DSC08616-1-1024x683.jpg\" alt=\"\" class=\"wp-image-1461\" srcset=\"https:\/\/kcvinkovci.hr\/wp-content\/uploads\/2025\/06\/DSC08616-1-980x653.jpg 980w, https:\/\/kcvinkovci.hr\/wp-content\/uploads\/2025\/06\/DSC08616-1-480x320.jpg 480w\" sizes=\"(min-width: 0px) and (max-width: 480px) 480px, (min-width: 481px) and (max-width: 980px) 980px, (min-width: 981px) 1024px, 100vw\" \/><\/figure>\n\n\n\n<p><strong>Sajamski dio<\/strong>&nbsp;od izlaga\u010da, \u0161tandova i ku\u0107ica nazvan Slavonski sokak bit \u0107e kod glavne pozornice, u Dugoj ulici ispred biv\u0161eg \u201eVarteksa\u201d. Ispred vinkova\u010dke knji\u017enice bit \u0107e kota\u010d s panoramskim pogledom na cijeli grad, a uz njega ide i urbani sadr\u017eaj za mlade i sve koji se tako osje\u0107aju, najavljuje pro\u010delnica Li\u0161\u010di\u0107 Drmi\u0107.<\/p>\n\n\n\n<p>I ove godine tu je&nbsp;<strong>Bircuz<\/strong>&nbsp;za sve koji vole \u201ezaviriti u \u010da\u0161icu\u201d te&nbsp;<strong>Dvori\u0161te ideja<\/strong>&nbsp;za radoznalu dje\u010dicu \u017eeljnu igre i zabave.<\/p>\n\n\n\n<p>Direktorica Turisti\u010dke zajednice grada Vinkovaca&nbsp;<strong>Martina Matkovi\u0107<\/strong>&nbsp;poru\u010dila je kako se svi folklorni sadr\u017eaji, temelj i okosnica Vinkova\u010dkih jeseni, nadopunjavaju sadr\u017eajima zabavnog karaktera, a tu prvenstveno misli na koncerte.<\/p>\n\n\n\n<p><strong>\u201eI ove godine, sve dane za vrijeme trajanja Jeseni imamo koncerte zabavne i tambura\u0161ke glazbe. Vjerujemo kako \u0107e svatko na\u0107i ne\u0161to po svom ukusu\u201d<\/strong>, ka\u017ee Matkovi\u0107.<\/p>\n\n\n\n<p>U Vinkovce na jubilarne Jeseni sti\u017eu&nbsp;<strong>Miroslav \u0160koro<\/strong>,&nbsp;<strong>Prljavo kazali\u0161te<\/strong>,&nbsp;<strong>Gr\u0161e<\/strong>,&nbsp;<strong>KAS<\/strong>,&nbsp;<strong>Zvonko Bogdan<\/strong>,&nbsp;<strong>Indira<\/strong>&nbsp;samo su neki koji \u0107e tijekom 10 dana zabavljati sve posjetitelje i goste grada na Bosutu.<\/p>\n\n\n\n<p><strong>Folklorne ve\u010deri<\/strong>&nbsp;trajat \u0107e od 12. do 15. rujna, a potom, novitet \u0107e ove godine biti i nastupi pjeva\u010dkih skupina uz pratnju tambura\u0161kog orkestra svaku ve\u010der.<\/p>\n\n\n\n<p><strong>\u201eOve godine i kroz Dje\u010dji mimohod, ali i sve\u010dani o\u010dekujemo zaista veliki broj sudionika, puno ve\u0107i u odnosu na prethodne godine. Tako\u0111er, o\u010dekujemo i veliki broj gostuju\u0107ih KUD-ova, konjanika i konjskih zaprega\u201d<\/strong>, rekla je predsjednica ZAKUD-a&nbsp;<strong>Martina Kelava<\/strong>.<\/p>\n\n\n\n<p>\u0160est desetlje\u0107a Vinkova\u010dkih jeseni ponos su Vinkov\u010dana, a velika \u010dast i privilegija biti dio Organizacijskog odbora je i Marku Sabljakovi\u0107u, autoru dramskog teksta Sve\u010danog otvorenja 60. Vinkova\u010dkih jeseni. Tema ovogodi\u0161nje manifestacije je \u201c<strong>Jesen rumeni\u2019 jabuka<\/strong>\u201d kada se vra\u0107amo samim po\u010decima \u0161to \u0107e prikazati sve\u010dano otvorenje.<\/p>\n\n\n\n<p><strong>\u201eU petak 19. rujna predstava ili kako je ja nazivam \u201c\u0161oka\u010dki mjuzikl\u201d donijet \u0107e nam jedan zaista produkcijski vrlo zahtjevan program, ali isto tako i scenski koji \u0107e biti uistinu zanimljiv i poseban gdje \u0107emo odati \u010dast i priznanje svima onima koji su kroz proteklih \u0161est desetlje\u0107a utkali dio sebe u stvaranje i kreiranje programa Vinkova\u010dkih jeseni\u201d<\/strong>, najavljuje.<\/p>\n\n\n\n<figure class=\"wp-block-image size-large\"><img loading=\"lazy\" decoding=\"async\" width=\"1024\" height=\"683\" src=\"https:\/\/kcvinkovci.hr\/wp-content\/uploads\/2025\/06\/DSC08648-1024x683.jpg\" alt=\"\" class=\"wp-image-1462\" srcset=\"https:\/\/kcvinkovci.hr\/wp-content\/uploads\/2025\/06\/DSC08648-980x653.jpg 980w, https:\/\/kcvinkovci.hr\/wp-content\/uploads\/2025\/06\/DSC08648-480x320.jpg 480w\" sizes=\"(min-width: 0px) and (max-width: 480px) 480px, (min-width: 481px) and (max-width: 980px) 980px, (min-width: 981px) 1024px, 100vw\" \/><\/figure>\n\n\n\n<p>Na kraju rije\u010d prvog \u010dovjeka grada uz poziv Do\u0111i u Vinkovce svim doma\u0107inima Vinkov\u010dankama i Vinkov\u010danima i posjetiteljima kojih se predstoje\u0107eg rujna o\u010dekuje rekordan broj.<\/p>\n\n\n\n<p>\u201e<strong>Do\u0111ite u Vinkovce i uljep\u0161ajte na\u0161 ugo\u0111aj, na\u0161u tradiciju i u\u017eivajte u slavonskoj pjesmi, rije\u010di i izri\u010daju. Cijela Hrvatska i Hrvati iz dijaspore bit \u0107e ovdje u Vinkovcima, a svi ve\u0107 dobro znamo koliko je ova na\u0161a najve\u0107a manifestacija pre\u0161la granice Lijepe Na\u0161e. Hvala vam i vidimo se na jubilarnim 60. Vinkova\u010dkim jesenima<\/strong>\u201d, zaklju\u010dio je Romi\u0107.<\/p>\n\n\n\n<figure class=\"wp-block-image size-large\"><img loading=\"lazy\" decoding=\"async\" width=\"1024\" height=\"575\" src=\"https:\/\/kcvinkovci.hr\/wp-content\/uploads\/2025\/06\/508184282_1127282039437441_5613210597900031844_n-1024x575.jpg\" alt=\"\" class=\"wp-image-1459\" srcset=\"https:\/\/kcvinkovci.hr\/wp-content\/uploads\/2025\/06\/508184282_1127282039437441_5613210597900031844_n-980x550.jpg 980w, https:\/\/kcvinkovci.hr\/wp-content\/uploads\/2025\/06\/508184282_1127282039437441_5613210597900031844_n-480x270.jpg 480w\" sizes=\"(min-width: 0px) and (max-width: 480px) 480px, (min-width: 481px) and (max-width: 980px) 980px, (min-width: 981px) 1024px, 100vw\" \/><\/figure>","protected":false},"excerpt":{"rendered":"<p>Tri mjeseca pred okrugli jubilej, u sredi\u0161tu Vinkovaca odr\u017eana je konferencija za medije i svojevrsna najava&nbsp;60. Vinkova\u010dkih jeseni&nbsp;koje \u0107e biti odr\u017eane&nbsp;od 12. do 21. rujna. Vinkovce, prijestolnicu tradicijske kulture, i ove \u0107e godine pro\u017eimati duh tradicije pra\u0107en zvucima tambure, pjesmom i narodnim no\u0161njama iz cijele Republike Hrvatske i inozemstva. Jo\u0161 sve\u010danije i ljep\u0161e bit \u0107e [&hellip;]<\/p>\n","protected":false},"author":1,"featured_media":1463,"comment_status":"closed","ping_status":"closed","sticky":false,"template":"","format":"standard","meta":{"_acf_changed":false,"_et_pb_use_builder":"off","_et_pb_old_content":"","_et_gb_content_width":"","footnotes":""},"categories":[2,11],"tags":[],"class_list":["post-1458","post","type-post","status-publish","format-standard","has-post-thumbnail","hentry","category-vijesti","category-dogadaji"],"acf":[],"_links":{"self":[{"href":"https:\/\/kcvinkovci.hr\/en\/wp-json\/wp\/v2\/posts\/1458","targetHints":{"allow":["GET"]}}],"collection":[{"href":"https:\/\/kcvinkovci.hr\/en\/wp-json\/wp\/v2\/posts"}],"about":[{"href":"https:\/\/kcvinkovci.hr\/en\/wp-json\/wp\/v2\/types\/post"}],"author":[{"embeddable":true,"href":"https:\/\/kcvinkovci.hr\/en\/wp-json\/wp\/v2\/users\/1"}],"replies":[{"embeddable":true,"href":"https:\/\/kcvinkovci.hr\/en\/wp-json\/wp\/v2\/comments?post=1458"}],"version-history":[{"count":1,"href":"https:\/\/kcvinkovci.hr\/en\/wp-json\/wp\/v2\/posts\/1458\/revisions"}],"predecessor-version":[{"id":1464,"href":"https:\/\/kcvinkovci.hr\/en\/wp-json\/wp\/v2\/posts\/1458\/revisions\/1464"}],"wp:featuredmedia":[{"embeddable":true,"href":"https:\/\/kcvinkovci.hr\/en\/wp-json\/wp\/v2\/media\/1463"}],"wp:attachment":[{"href":"https:\/\/kcvinkovci.hr\/en\/wp-json\/wp\/v2\/media?parent=1458"}],"wp:term":[{"taxonomy":"category","embeddable":true,"href":"https:\/\/kcvinkovci.hr\/en\/wp-json\/wp\/v2\/categories?post=1458"},{"taxonomy":"post_tag","embeddable":true,"href":"https:\/\/kcvinkovci.hr\/en\/wp-json\/wp\/v2\/tags?post=1458"}],"curies":[{"name":"wp","href":"https:\/\/api.w.org\/{rel}","templated":true}]}}