{"id":1469,"date":"2025-06-26T13:37:53","date_gmt":"2025-06-26T11:37:53","guid":{"rendered":"https:\/\/kcvinkovci.hr\/?p=1469"},"modified":"2025-10-01T14:09:39","modified_gmt":"2025-10-01T12:09:39","slug":"u-cetvrtak-ljetna-operna-noc-pod-zvijezdama","status":"publish","type":"post","link":"https:\/\/kcvinkovci.hr\/en\/u-cetvrtak-ljetna-operna-noc-pod-zvijezdama\/","title":{"rendered":"U \u010detvrtak Ljetna operna no\u0107 pod zvijezdama"},"content":{"rendered":"<p>Ljetna operna no\u0107 tradicionalni je koncert klasi\u010dne glazbe na otvorenom, na kojem nastupaju solisti, zbor i orkestar HNK-a. Ove godine bit \u0107e to pod sigurnim i nadahnutim ravnanjem maestra Filipa Pavi\u0161i\u0107a, a izvode arije, uvertire i zborove iz najpoznatijih djela talijanske i francuske operne literature. Topla ljetna ve\u010der, opu\u0161teno ozra\u010dje i o\u010daravaju\u0107a glazba jamstvo su jedinstvenog iskustva koje \u0107e publika dugo pamtiti. Ovakvi su koncerti potvrda koliko je klasi\u010dna glazba sna\u017ena i dirljiva. Pod zvjezdanim se nebom susre\u0107u strast, drama i elegancija najve\u0107ih opernih hitova. Ovo nije samo koncert \u2013 to je glazbena pri\u010da za sva osjetila, gdje se visoki C-ovi i \u0161apat guda\u010da stapaju pod zvjezdanim nebom. Ljetna operna no\u0107 odr\u017eat \u0107e se ispred Gimnazije, a organizatori ovog doga\u0111aja su Kulturni centar Vinkovci i Grad Vinkovci.<\/p>\n\n\n\n<figure class=\"wp-block-image size-large\"><img loading=\"lazy\" decoding=\"async\" width=\"724\" height=\"1024\" src=\"https:\/\/kcvinkovci.hr\/wp-content\/uploads\/2025\/06\/HRVATSKO-NARODNO-KAZALISTE-U-OSIJEKU-3-1-724x1024.png\" alt=\"\" class=\"wp-image-1471\"\/><\/figure>\n\n\n\n<p><em>\u201ePrepustite se strastvenim arijama poput E lucevan le stelle i Vissi d\u2019arte iz Puccinijeve Tosce, u\u017eivajte u virtuoznoj ariji Ah! mes amis, quel jour de f\u00eate! iz Donizettijeve K\u0107eri pukovnije, poznatoj po svojih devet visokih C tonova. Ljubitelji Verdija o\u010darat \u0107e se veli\u010danstvenim Va pensiero iz Nabucca i uvodnom uvertirom Mo\u0107i sudbine. Program donosi i vatrenu La chanson boheme iz Bizetove Carmen, nje\u017enu Io son l\u2019umile ancella iz Cileine Adriane Lecouvreur, te \u0161armantnu Una voce poco fa iz Rossinijeva Seviljskog brija\u010da. Ovaj raznoliki repertoar, koji spaja ljubav, tragediju i trijumf, o\u010darat \u0107e i one koji operu vole svim srcem i one koji tek otkrivaju njezinu ljepotu\u201c<\/em>, rekao je Ladislav Vrgo\u010d, ravnatelj Opere, koji je za svaku programski to\u010dku napisao re\u010denicu ili dvije. Detalje mo\u017eete prona\u0107i na poveznici: https:\/\/hnk-osijek.hr\/lipanjska-operna-noc\/ <\/p>","protected":false},"excerpt":{"rendered":"<p>Ljetna operna no\u0107 tradicionalni je koncert klasi\u010dne glazbe na otvorenom, na kojem nastupaju solisti, zbor i orkestar HNK-a. Ove godine bit \u0107e to pod sigurnim i nadahnutim ravnanjem maestra Filipa Pavi\u0161i\u0107a, a izvode arije, uvertire i zborove iz najpoznatijih djela talijanske i francuske operne literature. Topla ljetna ve\u010der, opu\u0161teno ozra\u010dje i o\u010daravaju\u0107a glazba jamstvo su [&hellip;]<\/p>\n","protected":false},"author":1,"featured_media":1470,"comment_status":"closed","ping_status":"closed","sticky":false,"template":"","format":"standard","meta":{"_acf_changed":false,"_et_pb_use_builder":"off","_et_pb_old_content":"","_et_gb_content_width":"","footnotes":""},"categories":[2,11],"tags":[],"class_list":["post-1469","post","type-post","status-publish","format-standard","has-post-thumbnail","hentry","category-vijesti","category-dogadaji"],"acf":[],"_links":{"self":[{"href":"https:\/\/kcvinkovci.hr\/en\/wp-json\/wp\/v2\/posts\/1469","targetHints":{"allow":["GET"]}}],"collection":[{"href":"https:\/\/kcvinkovci.hr\/en\/wp-json\/wp\/v2\/posts"}],"about":[{"href":"https:\/\/kcvinkovci.hr\/en\/wp-json\/wp\/v2\/types\/post"}],"author":[{"embeddable":true,"href":"https:\/\/kcvinkovci.hr\/en\/wp-json\/wp\/v2\/users\/1"}],"replies":[{"embeddable":true,"href":"https:\/\/kcvinkovci.hr\/en\/wp-json\/wp\/v2\/comments?post=1469"}],"version-history":[{"count":2,"href":"https:\/\/kcvinkovci.hr\/en\/wp-json\/wp\/v2\/posts\/1469\/revisions"}],"predecessor-version":[{"id":1474,"href":"https:\/\/kcvinkovci.hr\/en\/wp-json\/wp\/v2\/posts\/1469\/revisions\/1474"}],"wp:featuredmedia":[{"embeddable":true,"href":"https:\/\/kcvinkovci.hr\/en\/wp-json\/wp\/v2\/media\/1470"}],"wp:attachment":[{"href":"https:\/\/kcvinkovci.hr\/en\/wp-json\/wp\/v2\/media?parent=1469"}],"wp:term":[{"taxonomy":"category","embeddable":true,"href":"https:\/\/kcvinkovci.hr\/en\/wp-json\/wp\/v2\/categories?post=1469"},{"taxonomy":"post_tag","embeddable":true,"href":"https:\/\/kcvinkovci.hr\/en\/wp-json\/wp\/v2\/tags?post=1469"}],"curies":[{"name":"wp","href":"https:\/\/api.w.org\/{rel}","templated":true}]}}