{"id":1506,"date":"2025-07-12T21:57:14","date_gmt":"2025-07-12T19:57:14","guid":{"rendered":"https:\/\/kcvinkovci.hr\/?p=1506"},"modified":"2025-07-12T21:57:31","modified_gmt":"2025-07-12T19:57:31","slug":"miris-djetinjstva-disney-glazba-odusevila-vinkovcane","status":"publish","type":"post","link":"https:\/\/kcvinkovci.hr\/en\/miris-djetinjstva-disney-glazba-odusevila-vinkovcane\/","title":{"rendered":"Miris djetinjstva: Disney glazba odu\u0161evila Vinkov\u010dane"},"content":{"rendered":"<p>U sredi\u0161tu Vinkovaca, ispred Gimnazije Matije Antuna Reljkovi\u0107a, ve\u010deras je odr\u017ean koncert <strong>\u201eBilo jednom davno&#8230;\u201d<\/strong>. <strong>Hrvatsko narodno kazali\u0161te u Osijeku<\/strong> sa svojim je solistima i orkestrom gra\u0111ane podsjetilo na djetinjstvo kroz najpoznatije pjesme iz Disneyevih filmova i crti\u0107a.<\/p>\n\n\n\n<figure class=\"wp-block-image size-large\"><img loading=\"lazy\" decoding=\"async\" width=\"1024\" height=\"768\" src=\"https:\/\/kcvinkovci.hr\/wp-content\/uploads\/2025\/07\/IMG_7872-1024x768.jpg\" alt=\"\" class=\"wp-image-1508\" srcset=\"https:\/\/kcvinkovci.hr\/wp-content\/uploads\/2025\/07\/IMG_7872-980x735.jpg 980w, https:\/\/kcvinkovci.hr\/wp-content\/uploads\/2025\/07\/IMG_7872-480x360.jpg 480w\" sizes=\"(min-width: 0px) and (max-width: 480px) 480px, (min-width: 481px) and (max-width: 980px) 980px, (min-width: 981px) 1024px, 100vw\" \/><\/figure>\n\n\n\n<p><strong>\u201eTijekom nastupa prete\u017eno smo izvodili glazbu iz animiranih filmova, no bilo ih je i iz igranih, poput primjerice Pirata s Kariba. Znamo da je takva glazba uvijek kvalitetna, u svojim djelima Disney ne koristi bilo kakvu glazbu i uvijek je to ne\u0161to posebno. U\u017eivali smo u koncertu, a nadam se da je i publika zadovoljna\u201d,<\/strong> izjavio je Mladen Tutavac, dirigent ve\u010dera\u0161njeg koncerta.<\/p>\n\n\n\n<figure class=\"wp-block-image size-large\"><img loading=\"lazy\" decoding=\"async\" width=\"1024\" height=\"683\" src=\"https:\/\/kcvinkovci.hr\/wp-content\/uploads\/2025\/07\/DSC09945-1024x683.jpg\" alt=\"\" class=\"wp-image-1507\" srcset=\"https:\/\/kcvinkovci.hr\/wp-content\/uploads\/2025\/07\/DSC09945-980x653.jpg 980w, https:\/\/kcvinkovci.hr\/wp-content\/uploads\/2025\/07\/DSC09945-480x320.jpg 480w\" sizes=\"(min-width: 0px) and (max-width: 480px) 480px, (min-width: 481px) and (max-width: 980px) 980px, (min-width: 981px) 1024px, 100vw\" \/><\/figure>\n\n\n\n<p>Orkestar je \u010dinilo oko 45 osoba, a pratili su ih sjajni solisti Ivana Medi\u0107, Jana Pogrmilovi\u0107 Jele\u010dki, Robert Adam\u010dek i Karlo Mili\u010devi\u0107 koji su o\u017eivjeli svaki takt emocijama, smijehom i \u010darolijom. Glazba iz Kralja lavova, Frozena, Aladdina, Male sirene, Vaiana i Encanta samo je bila dio bogatom programa.<\/p>\n\n\n\n<p><strong>\u201eImamo \u010dast da kod nas u gradu ponovno mo\u017eemo ugostiti HNK Osijek. Ovaj put gosti su nam ponudili Disney pri\u010du iz svima nama znanih crti\u0107a i bajki. Tako smo do\u017eivjeli da\u0161ak djetinjstva i u odraslom dobu. Ovim doga\u0111ajem zapo\u010deli smo s obilje\u017eavanjem Dana grada Vinkovaca. Pozivam sve gra\u0111ane da do sljede\u0107e nedjelje do\u0111u na na\u0161e doga\u0111aje kako bi svi zajedno obilje\u017eili na\u0161eg za\u0161titnika sv. Iliju i proslavili na\u0161 grad\u201d,<\/strong> poru\u010dila je Marija Li\u0161\u010di\u0107 Drmi\u0107, gradska pro\u010delnica Upravnog odjela za kulturu i turizam.<\/p>\n\n\n\n<p>Gosti su sli\u010dan koncert ve\u0107 nekoliko puta izveli u Osijeku i Valpovu, a Vinkov\u010danke i Vinkov\u010dani zasigurno su nakon koncerta bili ispunjeni emocijama i dojmovima koje \u0107e dugo pamtiti.<\/p>\n\n\n\n<figure class=\"wp-block-image size-large\"><img loading=\"lazy\" decoding=\"async\" width=\"1024\" height=\"683\" src=\"https:\/\/kcvinkovci.hr\/wp-content\/uploads\/2025\/07\/DSC09960-1024x683.jpg\" alt=\"\" class=\"wp-image-1511\" srcset=\"https:\/\/kcvinkovci.hr\/wp-content\/uploads\/2025\/07\/DSC09960-980x653.jpg 980w, https:\/\/kcvinkovci.hr\/wp-content\/uploads\/2025\/07\/DSC09960-480x320.jpg 480w\" sizes=\"(min-width: 0px) and (max-width: 480px) 480px, (min-width: 481px) and (max-width: 980px) 980px, (min-width: 981px) 1024px, 100vw\" \/><\/figure>\n\n\n\n<figure class=\"wp-block-image size-large\"><img loading=\"lazy\" decoding=\"async\" width=\"1024\" height=\"683\" src=\"https:\/\/kcvinkovci.hr\/wp-content\/uploads\/2025\/07\/DSC09953-1024x683.jpg\" alt=\"\" class=\"wp-image-1512\" srcset=\"https:\/\/kcvinkovci.hr\/wp-content\/uploads\/2025\/07\/DSC09953-980x653.jpg 980w, https:\/\/kcvinkovci.hr\/wp-content\/uploads\/2025\/07\/DSC09953-480x320.jpg 480w\" sizes=\"(min-width: 0px) and (max-width: 480px) 480px, (min-width: 481px) and (max-width: 980px) 980px, (min-width: 981px) 1024px, 100vw\" \/><\/figure>\n\n\n\n<figure class=\"wp-block-image size-large\"><img loading=\"lazy\" decoding=\"async\" width=\"1024\" height=\"768\" src=\"https:\/\/kcvinkovci.hr\/wp-content\/uploads\/2025\/07\/IMG_7873-1024x768.jpg\" alt=\"\" class=\"wp-image-1510\" srcset=\"https:\/\/kcvinkovci.hr\/wp-content\/uploads\/2025\/07\/IMG_7873-980x735.jpg 980w, https:\/\/kcvinkovci.hr\/wp-content\/uploads\/2025\/07\/IMG_7873-480x360.jpg 480w\" sizes=\"(min-width: 0px) and (max-width: 480px) 480px, (min-width: 481px) and (max-width: 980px) 980px, (min-width: 981px) 1024px, 100vw\" \/><\/figure>\n\n\n\n<figure class=\"wp-block-image size-large\"><img loading=\"lazy\" decoding=\"async\" width=\"1024\" height=\"768\" src=\"https:\/\/kcvinkovci.hr\/wp-content\/uploads\/2025\/07\/IMG_7874-1024x768.jpg\" alt=\"\" class=\"wp-image-1509\" srcset=\"https:\/\/kcvinkovci.hr\/wp-content\/uploads\/2025\/07\/IMG_7874-980x735.jpg 980w, https:\/\/kcvinkovci.hr\/wp-content\/uploads\/2025\/07\/IMG_7874-480x360.jpg 480w\" sizes=\"(min-width: 0px) and (max-width: 480px) 480px, (min-width: 481px) and (max-width: 980px) 980px, (min-width: 981px) 1024px, 100vw\" \/><\/figure>","protected":false},"excerpt":{"rendered":"<p>U sredi\u0161tu Vinkovaca, ispred Gimnazije Matije Antuna Reljkovi\u0107a, ve\u010deras je odr\u017ean koncert \u201eBilo jednom davno&#8230;\u201d. Hrvatsko narodno kazali\u0161te u Osijeku sa svojim je solistima i orkestrom gra\u0111ane podsjetilo na djetinjstvo kroz najpoznatije pjesme iz Disneyevih filmova i crti\u0107a. \u201eTijekom nastupa prete\u017eno smo izvodili glazbu iz animiranih filmova, no bilo ih je i iz igranih, poput [&hellip;]<\/p>\n","protected":false},"author":1,"featured_media":1513,"comment_status":"closed","ping_status":"closed","sticky":false,"template":"","format":"standard","meta":{"_acf_changed":false,"_et_pb_use_builder":"off","_et_pb_old_content":"","_et_gb_content_width":"","footnotes":""},"categories":[2,11],"tags":[],"class_list":["post-1506","post","type-post","status-publish","format-standard","has-post-thumbnail","hentry","category-vijesti","category-dogadaji"],"acf":[],"_links":{"self":[{"href":"https:\/\/kcvinkovci.hr\/en\/wp-json\/wp\/v2\/posts\/1506","targetHints":{"allow":["GET"]}}],"collection":[{"href":"https:\/\/kcvinkovci.hr\/en\/wp-json\/wp\/v2\/posts"}],"about":[{"href":"https:\/\/kcvinkovci.hr\/en\/wp-json\/wp\/v2\/types\/post"}],"author":[{"embeddable":true,"href":"https:\/\/kcvinkovci.hr\/en\/wp-json\/wp\/v2\/users\/1"}],"replies":[{"embeddable":true,"href":"https:\/\/kcvinkovci.hr\/en\/wp-json\/wp\/v2\/comments?post=1506"}],"version-history":[{"count":1,"href":"https:\/\/kcvinkovci.hr\/en\/wp-json\/wp\/v2\/posts\/1506\/revisions"}],"predecessor-version":[{"id":1514,"href":"https:\/\/kcvinkovci.hr\/en\/wp-json\/wp\/v2\/posts\/1506\/revisions\/1514"}],"wp:featuredmedia":[{"embeddable":true,"href":"https:\/\/kcvinkovci.hr\/en\/wp-json\/wp\/v2\/media\/1513"}],"wp:attachment":[{"href":"https:\/\/kcvinkovci.hr\/en\/wp-json\/wp\/v2\/media?parent=1506"}],"wp:term":[{"taxonomy":"category","embeddable":true,"href":"https:\/\/kcvinkovci.hr\/en\/wp-json\/wp\/v2\/categories?post=1506"},{"taxonomy":"post_tag","embeddable":true,"href":"https:\/\/kcvinkovci.hr\/en\/wp-json\/wp\/v2\/tags?post=1506"}],"curies":[{"name":"wp","href":"https:\/\/api.w.org\/{rel}","templated":true}]}}