{"id":1523,"date":"2025-07-26T14:18:35","date_gmt":"2025-07-26T12:18:35","guid":{"rendered":"https:\/\/kcvinkovci.hr\/?p=1523"},"modified":"2025-07-28T12:53:28","modified_gmt":"2025-07-28T10:53:28","slug":"nova-energija-vinkovacke-kulture","status":"publish","type":"post","link":"https:\/\/kcvinkovci.hr\/en\/nova-energija-vinkovacke-kulture\/","title":{"rendered":"Nova energija vinkova\u010dke kulture"},"content":{"rendered":"<p>Kulturni centar Vinkovci od 1. rujna 2024. godine vodi<strong> Marko Sabljakovi\u0107<\/strong>, \u010diji je cilj, kako isti\u010de, unaprijediti kulturnu scenu grada Vinkovaca kroz suvremeni pristup organizaciji doga\u0111anja, suradnju s lokalnom zajednicom te o\u010duvanje kulturne ba\u0161tine.<\/p>\n\n\n\n<p>Na tom tragu i u ovoj godini definiran je bogat program. &#8220;<strong><em>Krenuli smo s velikim entuzijazmom i intenzitetom uz veliku podr\u0161ku Grada Vinkovaca i Upravnog odjela za kulturu i turizam<\/em><\/strong>&#8220;, rekao nam je Marko Sabljakovi\u0107 isti\u010du\u0107i kako je godinu otvorila repriza ambijentalne predstave o Isusovu ro\u0111enju nazvane &#8220;Emanuel&#8221; na sveta Tri Kralja u vinkova\u010dkom parku Lenije. U predstavi, koju je publika odli\u010dno prihvatila, zaigrali su glumci amateri s podru\u010dja cijele \u017eupanije prema dramskom tekstu fra <strong>\u017deljka Klari\u0107a<\/strong> i biblijskim motivima u dramatur\u0161koj obradi i re\u017eiji Marka Sabljakovi\u0107a.<\/p>\n\n\n\n<figure class=\"wp-block-image size-large\"><img loading=\"lazy\" decoding=\"async\" width=\"1024\" height=\"683\" src=\"https:\/\/kcvinkovci.hr\/wp-content\/uploads\/2025\/07\/EMANUEL3-1024x683.jpg\" alt=\"\" class=\"wp-image-1527\" srcset=\"https:\/\/kcvinkovci.hr\/wp-content\/uploads\/2025\/07\/EMANUEL3-980x653.jpg 980w, https:\/\/kcvinkovci.hr\/wp-content\/uploads\/2025\/07\/EMANUEL3-480x320.jpg 480w\" sizes=\"(min-width: 0px) and (max-width: 480px) 480px, (min-width: 481px) and (max-width: 980px) 980px, (min-width: 981px) 1024px, 100vw\" \/><figcaption class=\"wp-element-caption\">Foto: Saul Tikvi\u0107<\/figcaption><\/figure>\n\n\n\n<p><strong>Pandan Jesenima i<\/strong> <strong>druga iznena\u0111enja<\/strong><\/p>\n\n\n\n<p>U nastavku, Vinkov\u010dane je razgalio jo\u0161 jedan novi sadr\u017eaj. Gradom je 23. velja\u010de pro\u0161la povorka 1. Poklada u Vinkovcima pod sloganom &#8220;Bu\u0161arice, otkri&#8217; svoje lice&#8221; s 15 folklornih skupina, ukupno oko 300 sudionika, koji su se predstavili i nastupom u pje\u0161a\u010dkoj zoni. <\/p>\n\n\n\n<p>&#8220;<strong><em>Na\u0161a je namjera bila pokazati bogatstvo isklju\u010divo tradicijskih pokladnih obi\u010daja, narodnog ruha, pjesme i kola. Sude\u0107i prema gledateljima koji su se odli\u010dno zabavili u\u017eivaju\u0107i u svakojakim pokladnim ludorijama, bio je to dobar odabir pa \u0107emo takvom pokladnom izri\u010daju te\u017eiti i dalje sa \u017eeljom da ovaj doga\u0111aj postane, koliko je to mogu\u0107e, zimski pandan Vinkova\u010dkim jesenima<\/em><\/strong>&#8220;, isti\u010de Sabljakovi\u0107.<\/p>\n\n\n\n<figure class=\"wp-block-image size-large\"><img loading=\"lazy\" decoding=\"async\" width=\"1024\" height=\"683\" src=\"https:\/\/kcvinkovci.hr\/wp-content\/uploads\/2025\/07\/POKLADE-2-D.-Bota-1024x683.jpg\" alt=\"\" class=\"wp-image-1529\" srcset=\"https:\/\/kcvinkovci.hr\/wp-content\/uploads\/2025\/07\/POKLADE-2-D.-Bota-980x653.jpg 980w, https:\/\/kcvinkovci.hr\/wp-content\/uploads\/2025\/07\/POKLADE-2-D.-Bota-480x320.jpg 480w\" sizes=\"(min-width: 0px) and (max-width: 480px) 480px, (min-width: 481px) and (max-width: 980px) 980px, (min-width: 981px) 1024px, 100vw\" \/><figcaption class=\"wp-element-caption\">Foto: Dra\u017een Bota<\/figcaption><\/figure>\n\n\n\n<p>Jo\u0161 jedan novitet na kulturnoj sceni grada, ali i \u017eupanije uslijedio je od 22. o\u017eujka do 12. travnja. Rije\u010d je o 1. Putuju\u0107im susretima teATARa u VS\u017d, organiziranima u suradnji s udrugom Slavonski putuju\u0107i teATAR, op\u0107inama Lovas, Stari Mikanovci, Vrbanja i Jarmina te gradom Otokom i Gradom Vinkovci kao generalnim pokroviteljem. <\/p>\n\n\n\n<p>&#8220;<strong><em>Imali smo osam izvrsnih kazali\u0161nih amaterskih predstava, te jednu gostuju\u0107u u profesionalnoj produkciji Teatra igre iz Vinkovaca i Kulturnog centra Osijek i kao poslasticu za kraj monodramu &#8220;Lijevo, desno, glumac&#8221; legendarnog Zijaha Sokolovi\u0107a. Mislim da je ovaj festival dokaz da je najisto\u010dnija hrvatska \u017eupanija oduvijek mjesto istinskih kazali\u0161nih entuzijasta, ali i mjesto gdje publika \u017eivi kazali\u0161te ne samo u gradskim sredi\u0161tima nego i u manjim sredinama<\/em><\/strong>&#8220;, nagla\u0161ava Sabljakovi\u0107.<\/p>\n\n\n\n<figure class=\"wp-block-image size-large\"><img loading=\"lazy\" decoding=\"async\" width=\"1024\" height=\"683\" src=\"https:\/\/kcvinkovci.hr\/wp-content\/uploads\/2025\/07\/pst-D.-Bota-1024x683.jpg\" alt=\"\" class=\"wp-image-1530\" srcset=\"https:\/\/kcvinkovci.hr\/wp-content\/uploads\/2025\/07\/pst-D.-Bota-980x654.jpg 980w, https:\/\/kcvinkovci.hr\/wp-content\/uploads\/2025\/07\/pst-D.-Bota-480x320.jpg 480w\" sizes=\"(min-width: 0px) and (max-width: 480px) 480px, (min-width: 481px) and (max-width: 980px) 980px, (min-width: 981px) 1024px, 100vw\" \/><figcaption class=\"wp-element-caption\">Foto: Dra\u017een Bota<\/figcaption><\/figure>\n\n\n\n<p>Nadalje isti\u010de i jednu suradnju neobi\u010dnog karaktera. Povezani su, naime, sport i kultura u humanitarnoj s Ko\u0161arka\u0161kim klubom Vinkovci. Pomo\u0107 je prikupljana za klub i za Dje\u010dji dom &#8220;Sv. Ana&#8221; Vinkovci, a gotovo 500 gra\u0111ana kupilo je ulaznice i u dvorani u Lenijama u\u017eivalo u najizvo\u0111enijoj hrvatskoj predstavi, monodrami &#8220;Dimnja\u010dar&#8221; Ljubomira Kereke\u0161a. Jo\u0161 ve\u0107i broj gra\u0111ana okupio se u dvorani na Lapovcima na nezaboravnom koncertu ansambla &#8220;Lado&#8221;. <\/p>\n\n\n\n<p>&#8220;<strong><em>Tisu\u0107u karata planulo je u manje od tri sata od po\u010detka podjele, a pljesak i odu\u0161evljenje publike koja je do\u010dekala &#8220;Lado&#8221; ponovno u Vinkovcima nakon gotovo dva desetlje\u0107a, bili su ne\u0161to \u0161to je i njih raspametilo i vrlo ugodno iznenadilo<\/em><\/strong>&#8220;, isti\u010de na\u0161 sugovornik.<\/p>\n\n\n\n<figure class=\"wp-block-image size-large\"><img loading=\"lazy\" decoding=\"async\" width=\"1024\" height=\"683\" src=\"https:\/\/kcvinkovci.hr\/wp-content\/uploads\/2025\/07\/Lado-77-of-159-S.-Tikvic-1024x683.jpg\" alt=\"\" class=\"wp-image-1531\" srcset=\"https:\/\/kcvinkovci.hr\/wp-content\/uploads\/2025\/07\/Lado-77-of-159-S.-Tikvic-980x653.jpg 980w, https:\/\/kcvinkovci.hr\/wp-content\/uploads\/2025\/07\/Lado-77-of-159-S.-Tikvic-480x320.jpg 480w\" sizes=\"(min-width: 0px) and (max-width: 480px) 480px, (min-width: 481px) and (max-width: 980px) 980px, (min-width: 981px) 1024px, 100vw\" \/><figcaption class=\"wp-element-caption\">Foto: Saul Tikvi\u0107<\/figcaption><\/figure>\n\n\n\n<p>Grad i KCV i ovo ljeto u u Vinkovce su doveli orkestar i soliste Opere HNK u Osijeku koji su s koncertnim programima &#8220;Ljetna operna no\u0107&#8221; i &#8220;Bilo jednom davno&#8221; publici priredili dvije nezaboravne glazbene ve\u010deri u pje\u0161a\u010dkoj zoni. Jo\u0161 jedna takva najavljena je za 17. kolovoza.<\/p>\n\n\n\n<p> &#8220;<strong><em>To je jedno iznena\u0111enje za na\u0161e sugra\u0111ane, jedan lijep koncert posve\u0107en nezaboravnim skladbama jednog i jedinog Olivera Dragojevi\u0107a i to u interpretaciji mladog vinkova\u010dkog glazbenika Jakova Jozinovi\u0107a koji \u0107e nam, u pratnji odli\u010dnog i iskusnog banda, uljep\u0161ati jo\u0161 jednu vinkova\u010dku ljetnu no\u0107<\/em><\/strong>&#8220;, poru\u010duje Sabljakovi\u0107 i najavljuje jo\u0161 jedno iznena\u0111enje za 29. kolovoza. &#8220;U suradnji sa ZAKUD-om organiziramo 1. \u0160oka\u010dki Krnja\u0161 i to na autenti\u010dnoj ambijentalnoj lokaciji ispred rodne ku\u0107e Ivana Kozarca. Bit \u0107e to zanimljiv i poseban folklorno-tradicijski program posve\u0107en ba\u0161tini i narodnom ruhu, tematski vezan uz rijeku i Krnja\u0161&#8221;.<\/p>\n\n\n\n<figure class=\"wp-block-image size-large\"><img loading=\"lazy\" decoding=\"async\" width=\"1024\" height=\"683\" src=\"https:\/\/kcvinkovci.hr\/wp-content\/uploads\/2025\/07\/bilo-jednom-davno-1-1024x683.jpg\" alt=\"\" class=\"wp-image-1532\" srcset=\"https:\/\/kcvinkovci.hr\/wp-content\/uploads\/2025\/07\/bilo-jednom-davno-1-980x654.jpg 980w, https:\/\/kcvinkovci.hr\/wp-content\/uploads\/2025\/07\/bilo-jednom-davno-1-480x320.jpg 480w\" sizes=\"(min-width: 0px) and (max-width: 480px) 480px, (min-width: 481px) and (max-width: 980px) 980px, (min-width: 981px) 1024px, 100vw\" \/><figcaption class=\"wp-element-caption\">Foto: Dra\u017een Bota<\/figcaption><\/figure>\n\n\n\n<p><strong>Jubilej u znaku<\/strong> <strong>rumeni&#8217; jabuka<\/strong><\/p>\n\n\n\n<p>A ono \u0161to nikako nije iznena\u0111enje jubilarne su 60. Vinkova\u010dke jeseni. KVC, u suradnji s HRT-om, organizator je sve\u010danog otvorenja za koje tekst i re\u017eiju potpisuje Marko Sabljakovi\u0107 ove godine s temom &#8220;Jesen rumeni&#8217; jabuka&#8221;. <\/p>\n\n\n\n<p>&#8220;<strong><em>U prigodi jubilarnih 60. Jeseni podsjetnik je to na sve one doga\u0111aje koji su nam pru\u017eili jedinstvenu manifestaciju slavljenja folklora, pjesme, plesa, govora \u0161oka\u010dkog, narodnih obi\u010daja, i nadasve najljep\u0161eg narodnog ruha. Proteklih dana proveli smo audiciju za izbor gluma\u010dkog ansambla, za koji mogu re\u0107i da je izvrstan spoj akademskih i dokazanih amaterskih glumaca, i sada kre\u0107emo s probama<\/em><\/strong>&#8220;, isti\u010de Marko Sabljakovi\u0107. <\/p>\n\n\n\n<p>Tako\u0111er, KCV i Vinkova\u010dke jeseni ovih dana snimaju i objavljuju na dru\u0161tvenim mre\u017eama video pri\u010de i priloge sa zanimljivim sugovornicima koje ve\u017ee neraskidiva veza s Jesenima kroz minulih \u0161est desetlje\u0107a. Isto tako, u suradnji sa ZAKUD-om i Centrom za znanstveni rad HAZU-a u Vinkovcima, pripremaju okrugli stol \u201c60 godina Vinkova\u010dkih jeseni\u201d. A kada Jeseni pro\u0111u i dalje nema stajanja. Do kraja godine Kulturni centar planira jo\u0161 brojne aktivnosti, od koncerata do kazali\u0161nih predstava, radionica za djecu i mlade, okruglih stolova i drugih doga\u0111anja.<\/p>","protected":false},"excerpt":{"rendered":"<p>Kulturni centar Vinkovci od 1. rujna 2024. godine vodi Marko Sabljakovi\u0107, \u010diji je cilj, kako isti\u010de, unaprijediti kulturnu scenu grada Vinkovaca kroz suvremeni pristup organizaciji doga\u0111anja, suradnju s lokalnom zajednicom te o\u010duvanje kulturne ba\u0161tine. Na tom tragu i u ovoj godini definiran je bogat program. &#8220;Krenuli smo s velikim entuzijazmom i intenzitetom uz veliku podr\u0161ku [&hellip;]<\/p>\n","protected":false},"author":1,"featured_media":1537,"comment_status":"closed","ping_status":"closed","sticky":false,"template":"","format":"standard","meta":{"_acf_changed":false,"_et_pb_use_builder":"off","_et_pb_old_content":"<!-- wp:paragraph -->\n<p>Kulturni centar Vinkovci od 1. rujna 2024. godine vodi Marko Sabljakovi\u0107, \u010diji je cilj, kako isti\u010de, unaprijediti kulturnu scenu grada Vinkovaca kroz suvremeni pristup organizaciji doga\u0111anja, suradnju s lokalnom zajednicom te o\u010duvanje kulturne ba\u0161tine.<\/p>\n<!-- \/wp:paragraph -->\n\n<!-- wp:paragraph -->\n<p>Na tom tragu i u ovoj godini definiran je bogat program. \"<strong><em>Krenuli smo s velikim entuzijazmom i intenzitetom uz veliku podr\u0161ku Grada Vinkovaca i Upravnog odjela za kulturu i turizam<\/em><\/strong>\", rekao nam je<strong> Marko Sabljakovi\u0107<\/strong> isti\u010du\u0107i kako je godinu otvorila repriza ambijentalne predstave o Isusovu ro\u0111enju nazvane \"Emanuel\" na sveta Tri Kralja u vinkova\u010dkom parku Lenije. U predstavi, koju je publika odli\u010dno prihvatila, zaigrali su glumci amateri s podru\u010dja cijele \u017eupanije prema dramskom tekstu fra <strong>\u017deljka Klari\u0107a<\/strong> i biblijskim motivima u dramatur\u0161koj obradi i re\u017eiji Marka Sabljakovi\u0107a.<\/p>\n<!-- \/wp:paragraph -->\n\n<!-- wp:cover {\"url\":\"https:\/\/kcvinkovci.hr\/wp-content\/uploads\/2025\/07\/EMANUEL3-1024x683.jpg\",\"id\":1527,\"dimRatio\":50,\"style\":{\"color\":{}}} -->\n<div class=\"wp-block-cover\"><img class=\"wp-block-cover__image-background wp-image-1527\" alt=\"\" src=\"https:\/\/kcvinkovci.hr\/wp-content\/uploads\/2025\/07\/EMANUEL3-1024x683.jpg\" data-object-fit=\"cover\"\/><span aria-hidden=\"true\" class=\"wp-block-cover__background has-background-dim\"><\/span><div class=\"wp-block-cover__inner-container\"><!-- wp:paragraph {\"align\":\"center\",\"fontSize\":\"large\"} -->\n<p class=\"has-text-align-center has-large-font-size\"><\/p>\n<!-- \/wp:paragraph -->\n\n<!-- wp:heading -->\n<h2 class=\"wp-block-heading\"><\/h2>\n<!-- \/wp:heading --><\/div><\/div>\n<!-- \/wp:cover -->\n\n<!-- wp:paragraph -->\n<p><strong>Pandan Jesenima i<\/strong> <strong>druga iznena\u0111enja<\/strong><\/p>\n<!-- \/wp:paragraph -->\n\n<!-- wp:paragraph -->\n<p>U nastavku, Vinkov\u010dane je razgalio jo\u0161 jedan novi sadr\u017eaj. Gradom je 23. velja\u010de pro\u0161la povorka 1. Poklada u Vinkovcima pod sloganom \"Bu\u0161arice, otkri' svoje lice\" s 15 folklornih skupina, ukupno oko 300 sudionika, koji su se predstavili i nastupom u pje\u0161a\u010dkoj zoni. <\/p>\n<!-- \/wp:paragraph -->\n\n<!-- wp:paragraph -->\n<p>\"<strong><em>Na\u0161a je namjera bila pokazati bogatstvo isklju\u010divo tradicijskih pokladnih obi\u010daja, narodnog ruha, pjesme i kola. Sude\u0107i prema gledateljima koji su se odli\u010dno zabavili u\u017eivaju\u0107i u svakojakim pokladnim ludorijama, bio je to dobar odabir pa \u0107emo takvom pokladnom izri\u010daju te\u017eiti i dalje sa \u017eeljom da ovaj doga\u0111aj postane, koliko je to mogu\u0107e, zimski pandan Vinkova\u010dkim jesenima<\/em><\/strong>\", isti\u010de Sabljakovi\u0107.<\/p>\n<!-- \/wp:paragraph -->\n\n<!-- wp:image {\"id\":1529,\"sizeSlug\":\"large\",\"linkDestination\":\"none\"} -->\n<figure class=\"wp-block-image size-large\"><img src=\"https:\/\/kcvinkovci.hr\/wp-content\/uploads\/2025\/07\/POKLADE-2-D.-Bota-1024x683.jpg\" alt=\"\" class=\"wp-image-1529\"\/><\/figure>\n<!-- \/wp:image -->\n\n<!-- wp:paragraph -->\n<p>Jo\u0161 jedan novitet na kulturnoj sceni grada, ali i \u017eupanije uslijedio je od 22. o\u017eujka do 12. travnja. Rije\u010d je o 1. Putuju\u0107im susretima teATARa u VS\u017d, organiziranima u suradnji s udrugom Slavonski putuju\u0107i teATAR, op\u0107inama Lovas, Stari Mikanovci, Vrbanja i Jarmina te gradom Otokom i Gradom Vinkovci kao generalnim pokroviteljem. <\/p>\n<!-- \/wp:paragraph -->\n\n<!-- wp:paragraph -->\n<p>\"<strong><em>Imali smo osam izvrsnih kazali\u0161nih amaterskih predstava, te jednu gostuju\u0107u u profesionalnoj produkciji Teatra igre iz Vinkovaca i Kulturnog centra Osijek i kao poslasticu za kraj monodramu \"Lijevo, desno, glumac\" legendarnog Zijaha Sokolovi\u0107a. Mislim da je ovaj festival dokaz da je najisto\u010dnija hrvatska \u017eupanija oduvijek mjesto istinskih kazali\u0161nih entuzijasta, ali i mjesto gdje publika \u017eivi kazali\u0161te ne samo u gradskim sredi\u0161tima nego i u manjim sredinama<\/em><\/strong>\", nagla\u0161ava Sabljakovi\u0107.<\/p>\n<!-- \/wp:paragraph -->\n\n<!-- wp:image {\"id\":1530,\"sizeSlug\":\"large\",\"linkDestination\":\"none\"} -->\n<figure class=\"wp-block-image size-large\"><img src=\"https:\/\/kcvinkovci.hr\/wp-content\/uploads\/2025\/07\/pst-D.-Bota-1024x683.jpg\" alt=\"\" class=\"wp-image-1530\"\/><figcaption class=\"wp-element-caption\">Foto: Dra\u017een Bota<\/figcaption><\/figure>\n<!-- \/wp:image -->\n\n<!-- wp:paragraph -->\n<p>Nadalje isti\u010de i jednu suradnju neobi\u010dnog karaktera. Povezani su, naime, sport i kultura u humanitarnoj s Ko\u0161arka\u0161kim klubom Vinkovci. Pomo\u0107 je prikupljana za klub i za Dje\u010dji dom \"Sv. Ana\" Vinkovci, a gotovo 500 gra\u0111ana kupilo je ulaznice i u dvorani u Lenijama u\u017eivalo u najizvo\u0111enijoj hrvatskoj predstavi, monodrami \"Dimnja\u010dar\" Ljubomira Kereke\u0161a. Jo\u0161 ve\u0107i broj gra\u0111ana okupio se u dvorani na Lapovcima na nezaboravnom koncertu ansambla \"Lado\". <\/p>\n<!-- \/wp:paragraph -->\n\n<!-- wp:paragraph -->\n<p>\"<strong><em>Tisu\u0107u karata planulo je u manje od tri sata od po\u010detka podjele, a pljesak i odu\u0161evljenje publike koja je do\u010dekala \"Lado\" ponovno u Vinkovcima nakon gotovo dva desetlje\u0107a, bili su ne\u0161to \u0161to je i njih raspametilo i vrlo ugodno iznenadilo<\/em><\/strong>\", isti\u010de na\u0161 sugovornik.<\/p>\n<!-- \/wp:paragraph -->\n\n<!-- wp:image {\"id\":1531,\"sizeSlug\":\"large\",\"linkDestination\":\"none\"} -->\n<figure class=\"wp-block-image size-large\"><img src=\"https:\/\/kcvinkovci.hr\/wp-content\/uploads\/2025\/07\/Lado-77-of-159-S.-Tikvic-1024x683.jpg\" alt=\"\" class=\"wp-image-1531\"\/><\/figure>\n<!-- \/wp:image -->\n\n<!-- wp:paragraph -->\n<p>Grad i KCV i ovo ljeto u u Vinkovce su doveli orkestar i soliste Opere HNK u Osijeku koji su s koncertnim programima \"Ljetna operna no\u0107\" i \"Bilo jednom davno\" publici priredili dvije nezaboravne glazbene ve\u010deri u pje\u0161a\u010dkoj zoni. Jo\u0161 jedna takva najavljena je za 17. kolovoza.<\/p>\n<!-- \/wp:paragraph -->\n\n<!-- wp:paragraph -->\n<p> \"<strong><em>To je jedno iznena\u0111enje za na\u0161e sugra\u0111ane, jedan lijep koncert posve\u0107en nezaboravnim skladbama jednog i jedinog Olivera Dragojevi\u0107a i to u interpretaciji mladog vinkova\u010dkog glazbenika Jakova Jozinovi\u0107a koji \u0107e nam, u pratnji odli\u010dnog i iskusnog banda, uljep\u0161ati jo\u0161 jednu vinkova\u010dku ljetnu no\u0107<\/em><\/strong>\", poru\u010duje Sabljakovi\u0107 i najavljuje jo\u0161 jedno iznena\u0111enje za 29. kolovoza. \"U suradnji sa ZAKUD-om organiziramo 1. \u0160oka\u010dki Krnja\u0161 i to na autenti\u010dnoj ambijentalnoj lokaciji ispred rodne ku\u0107e Ivana Kozarca. Bit \u0107e to zanimljiv i poseban folklorno-tradicijski program posve\u0107en ba\u0161tini i narodnom ruhu, tematski vezan uz rijeku i Krnja\u0161\".<\/p>\n<!-- \/wp:paragraph -->\n\n<!-- wp:image {\"id\":1532,\"sizeSlug\":\"large\",\"linkDestination\":\"none\"} -->\n<figure class=\"wp-block-image size-large\"><img src=\"https:\/\/kcvinkovci.hr\/wp-content\/uploads\/2025\/07\/bilo-jednom-davno-1-1024x683.jpg\" alt=\"\" class=\"wp-image-1532\"\/><\/figure>\n<!-- \/wp:image -->\n\n<!-- wp:paragraph -->\n<p><strong>Jubilej u znaku<\/strong> <strong>rumeni' jabuka<\/strong><\/p>\n<!-- \/wp:paragraph -->\n\n<!-- wp:paragraph -->\n<p>A ono \u0161to nikako nije iznena\u0111enje jubilarne su 60. Vinkova\u010dke jeseni. KVC, u suradnji s HRT-om, organizator je sve\u010danog otvorenja za koje tekst i re\u017eiju potpisuje Marko Sabljakovi\u0107 ove godine s temom \"Jesen rumeni' jabuka\". <\/p>\n<!-- \/wp:paragraph -->\n\n<!-- wp:paragraph -->\n<p>\"<strong><em>U prigodi jubilarnih 60. Jeseni podsjetnik je to na sve one doga\u0111aje koji su nam pru\u017eili jedinstvenu manifestaciju slavljenja folklora, pjesme, plesa, govora \u0161oka\u010dkog, narodnih obi\u010daja, i nadasve najljep\u0161eg narodnog ruha. Proteklih dana proveli smo audiciju za izbor gluma\u010dkog ansambla, za koji mogu re\u0107i da je izvrstan spoj akademskih i dokazanih amaterskih glumaca, i sada kre\u0107emo s probama<\/em><\/strong>\", isti\u010de Marko Sabljakovi\u0107. <\/p>\n<!-- \/wp:paragraph -->\n\n<!-- wp:paragraph -->\n<p>Tako\u0111er, KCV i Vinkova\u010dke jeseni ovih dana snimaju i objavljuju na dru\u0161tvenim mre\u017eama video pri\u010de i priloge sa zanimljivim sugovornicima koje ve\u017ee neraskidiva veza s Jesenima kroz minulih \u0161est desetlje\u0107a. Isto tako, u suradnji sa ZAKUD-om i Centrom za znanstveni rad HAZU-a u Vinkovcima, pripremaju okrugli stol \u201c60 godina Vinkova\u010dkih jeseni\u201d. A kada Jeseni pro\u0111u i dalje nema stajanja. Do kraja godine Kulturni centar planira jo\u0161 brojne aktivnosti, od koncerata do kazali\u0161nih predstava, radionica za djecu i mlade, okruglih stolova i drugih doga\u0111anja.<\/p>\n<!-- \/wp:paragraph -->\n\n<!-- wp:image -->\n<figure class=\"wp-block-image\"><img alt=\"\"\/><\/figure>\n<!-- \/wp:image -->","_et_gb_content_width":"","footnotes":""},"categories":[11,2],"tags":[],"class_list":["post-1523","post","type-post","status-publish","format-standard","has-post-thumbnail","hentry","category-dogadaji","category-vijesti"],"acf":[],"_links":{"self":[{"href":"https:\/\/kcvinkovci.hr\/en\/wp-json\/wp\/v2\/posts\/1523","targetHints":{"allow":["GET"]}}],"collection":[{"href":"https:\/\/kcvinkovci.hr\/en\/wp-json\/wp\/v2\/posts"}],"about":[{"href":"https:\/\/kcvinkovci.hr\/en\/wp-json\/wp\/v2\/types\/post"}],"author":[{"embeddable":true,"href":"https:\/\/kcvinkovci.hr\/en\/wp-json\/wp\/v2\/users\/1"}],"replies":[{"embeddable":true,"href":"https:\/\/kcvinkovci.hr\/en\/wp-json\/wp\/v2\/comments?post=1523"}],"version-history":[{"count":5,"href":"https:\/\/kcvinkovci.hr\/en\/wp-json\/wp\/v2\/posts\/1523\/revisions"}],"predecessor-version":[{"id":1539,"href":"https:\/\/kcvinkovci.hr\/en\/wp-json\/wp\/v2\/posts\/1523\/revisions\/1539"}],"wp:featuredmedia":[{"embeddable":true,"href":"https:\/\/kcvinkovci.hr\/en\/wp-json\/wp\/v2\/media\/1537"}],"wp:attachment":[{"href":"https:\/\/kcvinkovci.hr\/en\/wp-json\/wp\/v2\/media?parent=1523"}],"wp:term":[{"taxonomy":"category","embeddable":true,"href":"https:\/\/kcvinkovci.hr\/en\/wp-json\/wp\/v2\/categories?post=1523"},{"taxonomy":"post_tag","embeddable":true,"href":"https:\/\/kcvinkovci.hr\/en\/wp-json\/wp\/v2\/tags?post=1523"}],"curies":[{"name":"wp","href":"https:\/\/api.w.org\/{rel}","templated":true}]}}