{"id":1543,"date":"2025-08-08T11:09:56","date_gmt":"2025-08-08T09:09:56","guid":{"rendered":"https:\/\/kcvinkovci.hr\/?p=1543"},"modified":"2025-08-08T11:09:58","modified_gmt":"2025-08-08T09:09:58","slug":"vecer-posvecena-oliveru-dragojevicu-glazbeni-hommage-pod-zvjezdanim-nebom","status":"publish","type":"post","link":"https:\/\/kcvinkovci.hr\/en\/vecer-posvecena-oliveru-dragojevicu-glazbeni-hommage-pod-zvjezdanim-nebom\/","title":{"rendered":"Ve\u010der posve\u0107ena Oliveru Dragojevi\u0107u \u2013 glazbeni hommage pod zvjezdanim nebom"},"content":{"rendered":"<p>Kulturni centar Vinkovci poziva vas na posebnu glazbenu ve\u010der posve\u0107enu jedinstvenom glasu hrvatske glazbene scene \u2013 <strong>Oliveru Dragojevi\u0107u<\/strong>. U nedjelju, <strong>17. kolovoza<\/strong>, s po\u010detkom u 20:00 sati, u prekrasnom ambijentu <strong>lapidarija Gradskog muzeja Vinkovci<\/strong> odr\u017eat \u0107e se koncert <strong>\u201eTribute to Oliver\u201c<\/strong> u izvedbi <strong>Jakova Jozinovi\u0107a i benda.<\/strong><\/p>\n\n\n\n<p>Vinkova\u010dki glazbenik Jakov Jozinovi\u0107, poznat po emotivnim i sna\u017enim interpretacijama, ovom prigodom donosi glazbeno putovanje kroz bezvremenske hitove i balade koje su <strong>obilje\u017eile brojne generacije<\/strong>. O\u010dekuje nas ve\u010der ispunjena toplinom, uspomenama i stihovima koji i dalje \u017eive u srcima mnogih.<\/p>\n\n\n\n<p>Ulaz na koncert je slobodan.<\/p>\n\n\n\n<p>Pozivamo vas da nam se pridru\u017eite i zajedni\u010dki zapjevamo pjesme koje ne blijede jer glazba Olivera Dragojevi\u0107a uvijek povezuje i ostaje.<\/p>","protected":false},"excerpt":{"rendered":"<p>Kulturni centar Vinkovci poziva vas na posebnu glazbenu ve\u010der posve\u0107enu jedinstvenom glasu hrvatske glazbene scene \u2013 Oliveru Dragojevi\u0107u. U nedjelju, 17. kolovoza, s po\u010detkom u 20:00 sati, u prekrasnom ambijentu lapidarija Gradskog muzeja Vinkovci odr\u017eat \u0107e se koncert \u201eTribute to Oliver\u201c u izvedbi Jakova Jozinovi\u0107a i benda. Vinkova\u010dki glazbenik Jakov Jozinovi\u0107, poznat po emotivnim i [&hellip;]<\/p>\n","protected":false},"author":1,"featured_media":1545,"comment_status":"closed","ping_status":"closed","sticky":false,"template":"","format":"standard","meta":{"_acf_changed":false,"_et_pb_use_builder":"off","_et_pb_old_content":"","_et_gb_content_width":"","footnotes":""},"categories":[11,2],"tags":[],"class_list":["post-1543","post","type-post","status-publish","format-standard","has-post-thumbnail","hentry","category-dogadaji","category-vijesti"],"acf":[],"_links":{"self":[{"href":"https:\/\/kcvinkovci.hr\/en\/wp-json\/wp\/v2\/posts\/1543","targetHints":{"allow":["GET"]}}],"collection":[{"href":"https:\/\/kcvinkovci.hr\/en\/wp-json\/wp\/v2\/posts"}],"about":[{"href":"https:\/\/kcvinkovci.hr\/en\/wp-json\/wp\/v2\/types\/post"}],"author":[{"embeddable":true,"href":"https:\/\/kcvinkovci.hr\/en\/wp-json\/wp\/v2\/users\/1"}],"replies":[{"embeddable":true,"href":"https:\/\/kcvinkovci.hr\/en\/wp-json\/wp\/v2\/comments?post=1543"}],"version-history":[{"count":1,"href":"https:\/\/kcvinkovci.hr\/en\/wp-json\/wp\/v2\/posts\/1543\/revisions"}],"predecessor-version":[{"id":1544,"href":"https:\/\/kcvinkovci.hr\/en\/wp-json\/wp\/v2\/posts\/1543\/revisions\/1544"}],"wp:featuredmedia":[{"embeddable":true,"href":"https:\/\/kcvinkovci.hr\/en\/wp-json\/wp\/v2\/media\/1545"}],"wp:attachment":[{"href":"https:\/\/kcvinkovci.hr\/en\/wp-json\/wp\/v2\/media?parent=1543"}],"wp:term":[{"taxonomy":"category","embeddable":true,"href":"https:\/\/kcvinkovci.hr\/en\/wp-json\/wp\/v2\/categories?post=1543"},{"taxonomy":"post_tag","embeddable":true,"href":"https:\/\/kcvinkovci.hr\/en\/wp-json\/wp\/v2\/tags?post=1543"}],"curies":[{"name":"wp","href":"https:\/\/api.w.org\/{rel}","templated":true}]}}