{"id":1550,"date":"2025-08-22T12:43:11","date_gmt":"2025-08-22T10:43:11","guid":{"rendered":"https:\/\/kcvinkovci.hr\/?p=1550"},"modified":"2025-08-22T16:10:34","modified_gmt":"2025-08-22T14:10:34","slug":"sokacki-krnjas-rike-teku-sa-cetiri-kraja","status":"publish","type":"post","link":"https:\/\/kcvinkovci.hr\/en\/sokacki-krnjas-rike-teku-sa-cetiri-kraja\/","title":{"rendered":"\u0160oka\u010dki Krnja\u0161 \u2013 \u201cRike teku sa \u010detiri kraja\u201d"},"content":{"rendered":"<p><strong>U petak, 29. kolovoza 2025. godine, s po\u010detkom u 20 sati, na ambijentalnom prostoru Krnja\u0161a<br>ispred rodne ku\u0107e Ivana Kozarca po prvi puta \u0107e se odr\u017eati nova kulturna manifestacija pod<br>nazivom \u0160oka\u010dki Krnja\u0161, osmi\u0161ljena kao posveta tradicijskoj ba\u0161tini i bogatstvu slavonskoga<br>duha.<\/strong><\/p>\n\n\n\n<p>Pod sloganom <strong>\u201eRike teku sa \u010detiri kraja\u201c<\/strong>, program donosi predstavljanje narodnog ruha,<br>govora \u0161oka\u010dkog, \u017eivota i obi\u010daja na\u0161ih starih kroz dramsko-scenski prikaz u kojem sudjeluju<br>Anita Filipovi\u0107 i Mirela Kova\u010di\u0107, \u017deljka Rogi\u0107, Ljiljana \u0160unji\u0107, Gordana Ivan\u010devi\u0107 i Antun<br>Brajkovi\u0107, Ana i Ivan Vrbat te Vinko Babi\u0107. Dio programa posve\u0107en je i \u201eDivanu na i o<br>Krnja\u0161u\u201c, koji \u0107e predvoditi dr. sc. Anica Bili\u0107, upraviteljica Centra za znanstveni rad HAZU<br>u Vinkovcima, dok \u0107e folklorni ugo\u0111aj oplemeniti \u010dlanovi KUD-a \u201eIzvor\u201c iz Vinkovaca.<\/p>\n\n\n\n<p>Posebnu umjetni\u010dku notu donijet \u0107e glumac Zdravko \u0160injori kroz ulomke iz predstave Blatne<br>du\u0161e (\u0110uka Begovi\u0107), a publiku \u0107e tradicionalnim glazbalima i pjesmom o\u010darati Laura<br>Koprivnjak. Cijelim programom publiku \u0107e voditi Nata\u0161a Veselinovi\u0107, povezuju\u0107i sve<br>scenske slike u skladnu cjelinu.<\/p>\n\n\n\n<p>Uz bogat scenski sadr\u017eaj, posjetitelji \u0107e mo\u0107i razgledati i izlo\u017ebu posve\u0107enu Krnja\u0161u autora<br>Dra\u017eena Bote, \u010dime \u0107e se dodatno naglasiti va\u017enost o\u010duvanja prostora i kulturne memorije<br>ovoga dijela Vinkovaca.<\/p>\n\n\n\n<p><strong><em>\u201eNa\u0161a je \u017eelja \u0160oka\u010dkim Krnja\u0161em o\u017eivjeti duh Kozar\u010deva Krnja\u0161a i stvoriti doga\u0111aj koji \u0107e<br>spojiti tradiciju, umjetnost i zajedni\u0161tvo u jednom posebnom ambijentu. Vjerujem da \u0107e<br>publika prepoznati emociju i vrijednost ove pri\u010de\u201c<\/em><\/strong>, istaknuo je<strong> Marko Sabljakovi\u0107<\/strong>, ravnatelj<br>Kulturnog centra Vinkovci.<\/p>\n\n\n\n<p>Ulaz na manifestaciju je slobodan, a organizator je Kulturni centar Vinkovci u partnerstvu sa<br>ZAKUD-om Vukovarsko-srijemske \u017eupanije, uz podr\u0161ku i pokroviteljstvo Grada Vinkovaca i<br>Vukovarsko-srijemske \u017eupanije.<\/p>\n\n\n\n<p>\u0160oka\u010dki Krnja\u0161 donosi novu kulturnu dimenziju grada na Bosutu, stvaraju\u0107i prostor gdje<br>pro\u0161lost progovara, a tradicija o\u017eivljava kroz umjetnost.<\/p>\n\n\n\n<p><\/p>\n\n\n\n<figure class=\"wp-block-image size-large\"><img loading=\"lazy\" decoding=\"async\" width=\"1024\" height=\"1024\" src=\"https:\/\/kcvinkovci.hr\/wp-content\/uploads\/2025\/08\/sokacki-krnjas-plakat-1024x1024.jpg\" alt=\"\" class=\"wp-image-1552\" srcset=\"https:\/\/kcvinkovci.hr\/wp-content\/uploads\/2025\/08\/sokacki-krnjas-plakat-980x980.jpg 980w, https:\/\/kcvinkovci.hr\/wp-content\/uploads\/2025\/08\/sokacki-krnjas-plakat-480x480.jpg 480w\" sizes=\"(min-width: 0px) and (max-width: 480px) 480px, (min-width: 481px) and (max-width: 980px) 980px, (min-width: 981px) 1024px, 100vw\" \/><\/figure>","protected":false},"excerpt":{"rendered":"<p>U petak, 29. kolovoza 2025. godine, s po\u010detkom u 20 sati, na ambijentalnom prostoru Krnja\u0161aispred rodne ku\u0107e Ivana Kozarca po prvi puta \u0107e se odr\u017eati nova kulturna manifestacija podnazivom \u0160oka\u010dki Krnja\u0161, osmi\u0161ljena kao posveta tradicijskoj ba\u0161tini i bogatstvu slavonskogaduha. Pod sloganom \u201eRike teku sa \u010detiri kraja\u201c, program donosi predstavljanje narodnog ruha,govora \u0161oka\u010dkog, \u017eivota i obi\u010daja [&hellip;]<\/p>\n","protected":false},"author":1,"featured_media":1551,"comment_status":"closed","ping_status":"closed","sticky":false,"template":"","format":"standard","meta":{"_acf_changed":false,"_et_pb_use_builder":"off","_et_pb_old_content":"","_et_gb_content_width":"","footnotes":""},"categories":[11,2],"tags":[],"class_list":["post-1550","post","type-post","status-publish","format-standard","has-post-thumbnail","hentry","category-dogadaji","category-vijesti"],"acf":[],"_links":{"self":[{"href":"https:\/\/kcvinkovci.hr\/en\/wp-json\/wp\/v2\/posts\/1550","targetHints":{"allow":["GET"]}}],"collection":[{"href":"https:\/\/kcvinkovci.hr\/en\/wp-json\/wp\/v2\/posts"}],"about":[{"href":"https:\/\/kcvinkovci.hr\/en\/wp-json\/wp\/v2\/types\/post"}],"author":[{"embeddable":true,"href":"https:\/\/kcvinkovci.hr\/en\/wp-json\/wp\/v2\/users\/1"}],"replies":[{"embeddable":true,"href":"https:\/\/kcvinkovci.hr\/en\/wp-json\/wp\/v2\/comments?post=1550"}],"version-history":[{"count":3,"href":"https:\/\/kcvinkovci.hr\/en\/wp-json\/wp\/v2\/posts\/1550\/revisions"}],"predecessor-version":[{"id":1555,"href":"https:\/\/kcvinkovci.hr\/en\/wp-json\/wp\/v2\/posts\/1550\/revisions\/1555"}],"wp:featuredmedia":[{"embeddable":true,"href":"https:\/\/kcvinkovci.hr\/en\/wp-json\/wp\/v2\/media\/1551"}],"wp:attachment":[{"href":"https:\/\/kcvinkovci.hr\/en\/wp-json\/wp\/v2\/media?parent=1550"}],"wp:term":[{"taxonomy":"category","embeddable":true,"href":"https:\/\/kcvinkovci.hr\/en\/wp-json\/wp\/v2\/categories?post=1550"},{"taxonomy":"post_tag","embeddable":true,"href":"https:\/\/kcvinkovci.hr\/en\/wp-json\/wp\/v2\/tags?post=1550"}],"curies":[{"name":"wp","href":"https:\/\/api.w.org\/{rel}","templated":true}]}}